
{"id":287,"date":"2017-11-22T16:44:34","date_gmt":"2017-11-22T16:44:34","guid":{"rendered":"http:\/\/www.glems-technik.de\/?p=287"},"modified":"2017-12-07T06:58:31","modified_gmt":"2017-12-07T06:58:31","slug":"kompakteventilatoren-die-alternative","status":"publish","type":"post","link":"https:\/\/www.glems-technik.de\/?p=287","title":{"rendered":"Kompaktventilatoren (die Alternative)"},"content":{"rendered":"<h3>Vergleichbare Qualit\u00e4t &#8211;<br \/>\ndeutlich g\u00fcnstigerer Preis<\/h3>\n<ul>\n<li>Die AC-L\u00fcfter sind kugelgelagert mit zwei NMB-Pr\u00e4zisionskugellagern f\u00fcr lange Lebensdauer und anhaltende Laufruhe.<\/li>\n<li>Die L\u00fcfter k\u00f6nnen horizontal und vertikal eingebaut werden.<\/li>\n<li>F\u00f6rderrichtung ist \u00fcber die Stege blasend. Drehrichtung ist, vom Typenschild aus gesehen, gegen den Uhrzeigersinn (links).<\/li>\n<li>Geh\u00e4use aus Aluminium, L\u00fcfterrad aus verst\u00e4rktem Kunststoff nach UL94V-0.<\/li>\n<li>2-Phasen-Spaltpol-Motor, impedanzgesch\u00fctzt, die Typen 4715 &#8230; sind mit Thermostat gesch\u00fctzt.<\/li>\n<li>2 Flachstecker 3,0 x 0,5mm verzinnt (Faston 110).<\/li>\n<li>Erdungsanschluss \u00fcber\u00a0 M4-Gewindebohrung<\/li>\n<\/ul>\n<p>&nbsp;<\/p>\n<h4>Vorteile:<\/h4>\n<ul>\n<li>qualitativ hochwertige L\u00fcfter milliardenfach bew\u00e4hrt<\/li>\n<li>Lebensdauer 43.500 Std. bei 40\u00b0C Umgebungstemperatur<\/li>\n<li>mit Kugellager<\/li>\n<li>230V \/ 50Hz<\/li>\n<\/ul>\n","protected":false},"excerpt":{"rendered":"Vergleichbare Qualit\u00e4t &#8211; deutlich g\u00fcnstigerer Preis Die AC-L\u00fcfter sind kugelgelagert mit zwei NMB-Pr\u00e4zisionskugellagern f\u00fcr lange Lebensdauer und anhaltende Laufruhe. Die L\u00fcfter k\u00f6nnen horizontal und vertikal eingebaut werden. F\u00f6rderrichtung ist \u00fcber die Stege blasend. Drehrichtung ist, vom Typenschild aus gesehen, gegen den Uhrzeigersinn (links). Geh\u00e4use aus Aluminium, L\u00fcfterrad aus verst\u00e4rktem Kunststoff nach UL94V-0. 2-Phasen-Spaltpol-Motor, impedanzgesch\u00fctzt, die [&hellip;]","protected":false},"author":1,"featured_media":289,"comment_status":"open","ping_status":"open","sticky":false,"template":"","format":"standard","meta":{"_acf_changed":false,"footnotes":""},"categories":[5],"tags":[],"class_list":["post-287","post","type-post","status-publish","format-standard","has-post-thumbnail","hentry","category-ventilatoren"],"acf":[],"yoast_head":"<!-- This site is optimized with the Yoast SEO plugin v26.6 - https:\/\/yoast.com\/wordpress\/plugins\/seo\/ -->\n<title>Kompaktventilatoren (die Alternative) - Komponenten f\u00fcr die K\u00e4ltetechnik<\/title>\n<meta name=\"robots\" content=\"index, follow, max-snippet:-1, max-image-preview:large, max-video-preview:-1\" \/>\n<link rel=\"canonical\" href=\"https:\/\/www.glems-technik.de\/?p=287\" \/>\n<meta property=\"og:locale\" content=\"de_DE\" \/>\n<meta property=\"og:type\" content=\"article\" \/>\n<meta property=\"og:title\" content=\"Kompaktventilatoren (die Alternative) - Komponenten f\u00fcr die K\u00e4ltetechnik\" \/>\n<meta property=\"og:description\" content=\"Vergleichbare Qualit\u00e4t &#8211; deutlich g\u00fcnstigerer Preis Die AC-L\u00fcfter sind kugelgelagert mit zwei NMB-Pr\u00e4zisionskugellagern f\u00fcr lange Lebensdauer und anhaltende Laufruhe. Die L\u00fcfter k\u00f6nnen horizontal und vertikal eingebaut werden. F\u00f6rderrichtung ist \u00fcber die Stege blasend. Drehrichtung ist, vom Typenschild aus gesehen, gegen den Uhrzeigersinn (links). Geh\u00e4use aus Aluminium, L\u00fcfterrad aus verst\u00e4rktem Kunststoff nach UL94V-0. 2-Phasen-Spaltpol-Motor, impedanzgesch\u00fctzt, die [&hellip;]\" \/>\n<meta property=\"og:url\" content=\"https:\/\/www.glems-technik.de\/?p=287\" \/>\n<meta property=\"og:site_name\" content=\"Komponenten f\u00fcr die K\u00e4ltetechnik\" \/>\n<meta property=\"article:published_time\" content=\"2017-11-22T16:44:34+00:00\" \/>\n<meta property=\"article:modified_time\" content=\"2017-12-07T06:58:31+00:00\" \/>\n<meta property=\"og:image\" content=\"https:\/\/www.glems-technik.de\/wp-content\/uploads\/2017\/11\/nmb_thumb.png\" \/>\n\t<meta property=\"og:image:width\" content=\"1000\" \/>\n\t<meta property=\"og:image:height\" content=\"750\" \/>\n\t<meta property=\"og:image:type\" content=\"image\/png\" \/>\n<meta name=\"author\" content=\"dym_gt\" \/>\n<meta name=\"twitter:card\" content=\"summary_large_image\" \/>\n<meta name=\"twitter:label1\" content=\"Verfasst von\" \/>\n\t<meta name=\"twitter:data1\" content=\"dym_gt\" \/>\n\t<meta name=\"twitter:label2\" content=\"Gesch\u00e4tzte Lesezeit\" \/>\n\t<meta name=\"twitter:data2\" content=\"1\u00a0Minute\" \/>\n<script type=\"application\/ld+json\" class=\"yoast-schema-graph\">{\"@context\":\"https:\/\/schema.org\",\"@graph\":[{\"@type\":\"WebPage\",\"@id\":\"https:\/\/www.glems-technik.de\/?p=287\",\"url\":\"https:\/\/www.glems-technik.de\/?p=287\",\"name\":\"Kompaktventilatoren (die Alternative) - Komponenten f\u00fcr die K\u00e4ltetechnik\",\"isPartOf\":{\"@id\":\"https:\/\/www.glems-technik.de\/#website\"},\"primaryImageOfPage\":{\"@id\":\"https:\/\/www.glems-technik.de\/?p=287#primaryimage\"},\"image\":{\"@id\":\"https:\/\/www.glems-technik.de\/?p=287#primaryimage\"},\"thumbnailUrl\":\"https:\/\/www.glems-technik.de\/wp-content\/uploads\/2017\/11\/nmb_thumb.png\",\"datePublished\":\"2017-11-22T16:44:34+00:00\",\"dateModified\":\"2017-12-07T06:58:31+00:00\",\"author\":{\"@id\":\"https:\/\/www.glems-technik.de\/#\/schema\/person\/bff0028b77b82679672e513de58b08d0\"},\"breadcrumb\":{\"@id\":\"https:\/\/www.glems-technik.de\/?p=287#breadcrumb\"},\"inLanguage\":\"de\",\"potentialAction\":[{\"@type\":\"ReadAction\",\"target\":[\"https:\/\/www.glems-technik.de\/?p=287\"]}]},{\"@type\":\"ImageObject\",\"inLanguage\":\"de\",\"@id\":\"https:\/\/www.glems-technik.de\/?p=287#primaryimage\",\"url\":\"https:\/\/www.glems-technik.de\/wp-content\/uploads\/2017\/11\/nmb_thumb.png\",\"contentUrl\":\"https:\/\/www.glems-technik.de\/wp-content\/uploads\/2017\/11\/nmb_thumb.png\",\"width\":1000,\"height\":750},{\"@type\":\"BreadcrumbList\",\"@id\":\"https:\/\/www.glems-technik.de\/?p=287#breadcrumb\",\"itemListElement\":[{\"@type\":\"ListItem\",\"position\":1,\"name\":\"Startseite\",\"item\":\"https:\/\/www.glems-technik.de\/\"},{\"@type\":\"ListItem\",\"position\":2,\"name\":\"Ventilatoren\",\"item\":\"https:\/\/www.glems-technik.de\/?cat=5\"},{\"@type\":\"ListItem\",\"position\":3,\"name\":\"Kompaktventilatoren (die Alternative)\"}]},{\"@type\":\"WebSite\",\"@id\":\"https:\/\/www.glems-technik.de\/#website\",\"url\":\"https:\/\/www.glems-technik.de\/\",\"name\":\"Komponenten f\u00fcr die K\u00e4ltetechnik\",\"description\":\"Komponenten f\u00fcr die K\u00e4ltetechnik\",\"potentialAction\":[{\"@type\":\"SearchAction\",\"target\":{\"@type\":\"EntryPoint\",\"urlTemplate\":\"https:\/\/www.glems-technik.de\/?s={search_term_string}\"},\"query-input\":{\"@type\":\"PropertyValueSpecification\",\"valueRequired\":true,\"valueName\":\"search_term_string\"}}],\"inLanguage\":\"de\"},{\"@type\":\"Person\",\"@id\":\"https:\/\/www.glems-technik.de\/#\/schema\/person\/bff0028b77b82679672e513de58b08d0\",\"name\":\"dym_gt\",\"url\":\"https:\/\/www.glems-technik.de\/?author=1\"}]}<\/script>\n<!-- \/ Yoast SEO plugin. -->","yoast_head_json":{"title":"Kompaktventilatoren (die Alternative) - Komponenten f\u00fcr die K\u00e4ltetechnik","robots":{"index":"index","follow":"follow","max-snippet":"max-snippet:-1","max-image-preview":"max-image-preview:large","max-video-preview":"max-video-preview:-1"},"canonical":"https:\/\/www.glems-technik.de\/?p=287","og_locale":"de_DE","og_type":"article","og_title":"Kompaktventilatoren (die Alternative) - Komponenten f\u00fcr die K\u00e4ltetechnik","og_description":"Vergleichbare Qualit\u00e4t &#8211; deutlich g\u00fcnstigerer Preis Die AC-L\u00fcfter sind kugelgelagert mit zwei NMB-Pr\u00e4zisionskugellagern f\u00fcr lange Lebensdauer und anhaltende Laufruhe. Die L\u00fcfter k\u00f6nnen horizontal und vertikal eingebaut werden. F\u00f6rderrichtung ist \u00fcber die Stege blasend. Drehrichtung ist, vom Typenschild aus gesehen, gegen den Uhrzeigersinn (links). Geh\u00e4use aus Aluminium, L\u00fcfterrad aus verst\u00e4rktem Kunststoff nach UL94V-0. 2-Phasen-Spaltpol-Motor, impedanzgesch\u00fctzt, die [&hellip;]","og_url":"https:\/\/www.glems-technik.de\/?p=287","og_site_name":"Komponenten f\u00fcr die K\u00e4ltetechnik","article_published_time":"2017-11-22T16:44:34+00:00","article_modified_time":"2017-12-07T06:58:31+00:00","og_image":[{"width":1000,"height":750,"url":"https:\/\/www.glems-technik.de\/wp-content\/uploads\/2017\/11\/nmb_thumb.png","type":"image\/png"}],"author":"dym_gt","twitter_card":"summary_large_image","twitter_misc":{"Verfasst von":"dym_gt","Gesch\u00e4tzte Lesezeit":"1\u00a0Minute"},"schema":{"@context":"https:\/\/schema.org","@graph":[{"@type":"WebPage","@id":"https:\/\/www.glems-technik.de\/?p=287","url":"https:\/\/www.glems-technik.de\/?p=287","name":"Kompaktventilatoren (die Alternative) - Komponenten f\u00fcr die K\u00e4ltetechnik","isPartOf":{"@id":"https:\/\/www.glems-technik.de\/#website"},"primaryImageOfPage":{"@id":"https:\/\/www.glems-technik.de\/?p=287#primaryimage"},"image":{"@id":"https:\/\/www.glems-technik.de\/?p=287#primaryimage"},"thumbnailUrl":"https:\/\/www.glems-technik.de\/wp-content\/uploads\/2017\/11\/nmb_thumb.png","datePublished":"2017-11-22T16:44:34+00:00","dateModified":"2017-12-07T06:58:31+00:00","author":{"@id":"https:\/\/www.glems-technik.de\/#\/schema\/person\/bff0028b77b82679672e513de58b08d0"},"breadcrumb":{"@id":"https:\/\/www.glems-technik.de\/?p=287#breadcrumb"},"inLanguage":"de","potentialAction":[{"@type":"ReadAction","target":["https:\/\/www.glems-technik.de\/?p=287"]}]},{"@type":"ImageObject","inLanguage":"de","@id":"https:\/\/www.glems-technik.de\/?p=287#primaryimage","url":"https:\/\/www.glems-technik.de\/wp-content\/uploads\/2017\/11\/nmb_thumb.png","contentUrl":"https:\/\/www.glems-technik.de\/wp-content\/uploads\/2017\/11\/nmb_thumb.png","width":1000,"height":750},{"@type":"BreadcrumbList","@id":"https:\/\/www.glems-technik.de\/?p=287#breadcrumb","itemListElement":[{"@type":"ListItem","position":1,"name":"Startseite","item":"https:\/\/www.glems-technik.de\/"},{"@type":"ListItem","position":2,"name":"Ventilatoren","item":"https:\/\/www.glems-technik.de\/?cat=5"},{"@type":"ListItem","position":3,"name":"Kompaktventilatoren (die Alternative)"}]},{"@type":"WebSite","@id":"https:\/\/www.glems-technik.de\/#website","url":"https:\/\/www.glems-technik.de\/","name":"Komponenten f\u00fcr die K\u00e4ltetechnik","description":"Komponenten f\u00fcr die K\u00e4ltetechnik","potentialAction":[{"@type":"SearchAction","target":{"@type":"EntryPoint","urlTemplate":"https:\/\/www.glems-technik.de\/?s={search_term_string}"},"query-input":{"@type":"PropertyValueSpecification","valueRequired":true,"valueName":"search_term_string"}}],"inLanguage":"de"},{"@type":"Person","@id":"https:\/\/www.glems-technik.de\/#\/schema\/person\/bff0028b77b82679672e513de58b08d0","name":"dym_gt","url":"https:\/\/www.glems-technik.de\/?author=1"}]}},"_links":{"self":[{"href":"https:\/\/www.glems-technik.de\/index.php?rest_route=\/wp\/v2\/posts\/287","targetHints":{"allow":["GET"]}}],"collection":[{"href":"https:\/\/www.glems-technik.de\/index.php?rest_route=\/wp\/v2\/posts"}],"about":[{"href":"https:\/\/www.glems-technik.de\/index.php?rest_route=\/wp\/v2\/types\/post"}],"author":[{"embeddable":true,"href":"https:\/\/www.glems-technik.de\/index.php?rest_route=\/wp\/v2\/users\/1"}],"replies":[{"embeddable":true,"href":"https:\/\/www.glems-technik.de\/index.php?rest_route=%2Fwp%2Fv2%2Fcomments&post=287"}],"version-history":[{"count":4,"href":"https:\/\/www.glems-technik.de\/index.php?rest_route=\/wp\/v2\/posts\/287\/revisions"}],"predecessor-version":[{"id":294,"href":"https:\/\/www.glems-technik.de\/index.php?rest_route=\/wp\/v2\/posts\/287\/revisions\/294"}],"wp:featuredmedia":[{"embeddable":true,"href":"https:\/\/www.glems-technik.de\/index.php?rest_route=\/wp\/v2\/media\/289"}],"wp:attachment":[{"href":"https:\/\/www.glems-technik.de\/index.php?rest_route=%2Fwp%2Fv2%2Fmedia&parent=287"}],"wp:term":[{"taxonomy":"category","embeddable":true,"href":"https:\/\/www.glems-technik.de\/index.php?rest_route=%2Fwp%2Fv2%2Fcategories&post=287"},{"taxonomy":"post_tag","embeddable":true,"href":"https:\/\/www.glems-technik.de\/index.php?rest_route=%2Fwp%2Fv2%2Ftags&post=287"}],"curies":[{"name":"wp","href":"https:\/\/api.w.org\/{rel}","templated":true}]}}